{"id":4077,"date":"2021-01-26T16:32:35","date_gmt":"2021-01-26T15:32:35","guid":{"rendered":"https:\/\/orthodoxeroumain.fr\/video\/2021\/01\/26\/cuvantul-lui-dumnezeu-pentru-noi-cum-traiau-primii-crestini\/"},"modified":"2021-02-01T20:42:42","modified_gmt":"2021-02-01T19:42:42","slug":"cuvantul-lui-dumnezeu-pentru-noi-cum-traiau-primii-crestini","status":"publish","type":"post","link":"https:\/\/orthodoxeroumain.fr\/video\/2021\/01\/26\/cuvantul-lui-dumnezeu-pentru-noi-cum-traiau-primii-crestini\/","title":{"rendered":"Cuv\u00e2ntul Lui Dumnezeu pentru noi. Cum tr\u0103iau primii cre\u0219tini"},"content":{"rendered":"\r\n                \r\n                <figure class=\"wp-block-embed-youtube wp-block-embed is-type-video is-provider-youtube\"><div class=\"wp-block-embed__wrapper\"> \r\n                <iframe loading=\"lazy\" title=\"Cuv\u00e2ntul Lui Dumnezeu pentru noi. Cum tr\u0103iau primii cre\u0219tini\" width=\"1100\" height=\"619\" src=\"https:\/\/www.youtube.com\/embed\/8Iv3yHoSlz0?feature=oembed\" frameborder=\"0\" allow=\"accelerometer; autoplay; clipboard-write; encrypted-media; gyroscope; picture-in-picture\" allowfullscreen><\/iframe>\r\n                <\/div><\/figure>\r\n                P\u0103rintele R\u0103zvan Ionescu &#8211; Cum tr\u0103iau primii cre\u0219tini<br \/>\n<br \/>\n27 ianuarie 2019","protected":false},"excerpt":{"rendered":"<p>P\u0103rintele R\u0103zvan Ionescu &#8211; Cum tr\u0103iau primii cre\u0219tini 27 ianuarie 2019<\/p>\n","protected":false},"author":1,"featured_media":4082,"comment_status":"open","ping_status":"open","sticky":false,"template":"","format":"video","meta":{"footnotes":""},"categories":[42,1],"tags":[249,248,246,245,247,49,46,45,243,242,34,244],"class_list":["post-4077","post","type-post","status-publish","format-video","has-post-thumbnail","hentry","category-emisiuni-tv","category-video","tag-crestinii-din-primele-veacuri","tag-crestinii-primelor-secole","tag-cum-traiau-primii-crestini","tag-cum-vietuiau-primii-crestini","tag-despre-crestinismul-primar","tag-emisiuni","tag-parintele-razvan-ionescu","tag-pr-razvan-ionescu","tag-primii-crestini","tag-viata-primilor-crestini","tag-video","tag-vietuirea-primilor-crestini","post_format-post-format-video"],"_links":{"self":[{"href":"https:\/\/orthodoxeroumain.fr\/video\/wp-json\/wp\/v2\/posts\/4077","targetHints":{"allow":["GET"]}}],"collection":[{"href":"https:\/\/orthodoxeroumain.fr\/video\/wp-json\/wp\/v2\/posts"}],"about":[{"href":"https:\/\/orthodoxeroumain.fr\/video\/wp-json\/wp\/v2\/types\/post"}],"author":[{"embeddable":true,"href":"https:\/\/orthodoxeroumain.fr\/video\/wp-json\/wp\/v2\/users\/1"}],"replies":[{"embeddable":true,"href":"https:\/\/orthodoxeroumain.fr\/video\/wp-json\/wp\/v2\/comments?post=4077"}],"version-history":[{"count":1,"href":"https:\/\/orthodoxeroumain.fr\/video\/wp-json\/wp\/v2\/posts\/4077\/revisions"}],"predecessor-version":[{"id":4326,"href":"https:\/\/orthodoxeroumain.fr\/video\/wp-json\/wp\/v2\/posts\/4077\/revisions\/4326"}],"wp:featuredmedia":[{"embeddable":true,"href":"https:\/\/orthodoxeroumain.fr\/video\/wp-json\/wp\/v2\/media\/4082"}],"wp:attachment":[{"href":"https:\/\/orthodoxeroumain.fr\/video\/wp-json\/wp\/v2\/media?parent=4077"}],"wp:term":[{"taxonomy":"category","embeddable":true,"href":"https:\/\/orthodoxeroumain.fr\/video\/wp-json\/wp\/v2\/categories?post=4077"},{"taxonomy":"post_tag","embeddable":true,"href":"https:\/\/orthodoxeroumain.fr\/video\/wp-json\/wp\/v2\/tags?post=4077"}],"curies":[{"name":"wp","href":"https:\/\/api.w.org\/{rel}","templated":true}]}}