{"id":4078,"date":"2021-01-26T16:29:42","date_gmt":"2021-01-26T15:29:42","guid":{"rendered":"https:\/\/orthodoxeroumain.fr\/video\/2021\/01\/26\/cuvantul-lui-dumnezeu-si-misiunea-bisericii-in-societate\/"},"modified":"2021-02-01T20:45:44","modified_gmt":"2021-02-01T19:45:44","slug":"cuvantul-lui-dumnezeu-si-misiunea-bisericii-in-societate","status":"publish","type":"post","link":"https:\/\/orthodoxeroumain.fr\/video\/2021\/01\/26\/cuvantul-lui-dumnezeu-si-misiunea-bisericii-in-societate\/","title":{"rendered":"Cuv\u00e2ntul lui Dumnezeu \u0219i misiunea Bisericii \u00een societate"},"content":{"rendered":"\r\n                \r\n                <figure class=\"wp-block-embed-youtube wp-block-embed is-type-video is-provider-youtube\"><div class=\"wp-block-embed__wrapper\"> \r\n                <iframe loading=\"lazy\" title=\"Cuv\u00e2ntul lui Dumnezeu \u0219i misiunea Bisericii \u00een societate\" width=\"1100\" height=\"619\" src=\"https:\/\/www.youtube.com\/embed\/jUtz409EK80?feature=oembed\" frameborder=\"0\" allow=\"accelerometer; autoplay; clipboard-write; encrypted-media; gyroscope; picture-in-picture\" allowfullscreen><\/iframe>\r\n                <\/div><\/figure>\r\n                P\u0103rintele R\u0103zvan Ionescu &#8211; Cuv\u00e2ntul lui Dumnezeu \u0219i misiunea Bisericii \u00een societate<br \/>\n<br \/>\n17 martie 2019","protected":false},"excerpt":{"rendered":"<p>P\u0103rintele R\u0103zvan Ionescu &#8211; Cuv\u00e2ntul lui Dumnezeu \u0219i misiunea Bisericii \u00een societate 17 martie 2019<\/p>\n","protected":false},"author":1,"featured_media":4083,"comment_status":"open","ping_status":"open","sticky":false,"template":"","format":"video","meta":{"footnotes":""},"categories":[42,1],"tags":[262,265,49,260,261,46,45,263,264,34],"class_list":["post-4078","post","type-post","status-publish","format-video","has-post-thumbnail","hentry","category-emisiuni-tv","category-video","tag-biserica-in-societate","tag-biserica-si-societatea","tag-emisiuni","tag-misiunea-bisericii","tag-misiunea-bisericii-in-societate","tag-parintele-razvan-ionescu","tag-pr-razvan-ionescu","tag-rolul-bisericii-in-societate","tag-scopul-bisericii-in-societate","tag-video","post_format-post-format-video"],"_links":{"self":[{"href":"https:\/\/orthodoxeroumain.fr\/video\/wp-json\/wp\/v2\/posts\/4078","targetHints":{"allow":["GET"]}}],"collection":[{"href":"https:\/\/orthodoxeroumain.fr\/video\/wp-json\/wp\/v2\/posts"}],"about":[{"href":"https:\/\/orthodoxeroumain.fr\/video\/wp-json\/wp\/v2\/types\/post"}],"author":[{"embeddable":true,"href":"https:\/\/orthodoxeroumain.fr\/video\/wp-json\/wp\/v2\/users\/1"}],"replies":[{"embeddable":true,"href":"https:\/\/orthodoxeroumain.fr\/video\/wp-json\/wp\/v2\/comments?post=4078"}],"version-history":[{"count":1,"href":"https:\/\/orthodoxeroumain.fr\/video\/wp-json\/wp\/v2\/posts\/4078\/revisions"}],"predecessor-version":[{"id":4331,"href":"https:\/\/orthodoxeroumain.fr\/video\/wp-json\/wp\/v2\/posts\/4078\/revisions\/4331"}],"wp:featuredmedia":[{"embeddable":true,"href":"https:\/\/orthodoxeroumain.fr\/video\/wp-json\/wp\/v2\/media\/4083"}],"wp:attachment":[{"href":"https:\/\/orthodoxeroumain.fr\/video\/wp-json\/wp\/v2\/media?parent=4078"}],"wp:term":[{"taxonomy":"category","embeddable":true,"href":"https:\/\/orthodoxeroumain.fr\/video\/wp-json\/wp\/v2\/categories?post=4078"},{"taxonomy":"post_tag","embeddable":true,"href":"https:\/\/orthodoxeroumain.fr\/video\/wp-json\/wp\/v2\/tags?post=4078"}],"curies":[{"name":"wp","href":"https:\/\/api.w.org\/{rel}","templated":true}]}}