{"id":4080,"date":"2021-01-26T16:28:35","date_gmt":"2021-01-26T15:28:35","guid":{"rendered":"https:\/\/orthodoxeroumain.fr\/video\/2021\/01\/26\/misiune-si-comuniune-a-fi-ortodox-in-franta\/"},"modified":"2021-02-01T20:47:10","modified_gmt":"2021-02-01T19:47:10","slug":"misiune-si-comuniune-a-fi-ortodox-in-franta","status":"publish","type":"post","link":"https:\/\/orthodoxeroumain.fr\/video\/2021\/01\/26\/misiune-si-comuniune-a-fi-ortodox-in-franta\/","title":{"rendered":"Misiune \u0219i Comuniune. A fi ortodox \u00een Fran\u021ba"},"content":{"rendered":"\r\n                \r\n                <figure class=\"wp-block-embed-youtube wp-block-embed is-type-video is-provider-youtube\"><div class=\"wp-block-embed__wrapper\"> \r\n                <iframe loading=\"lazy\" title=\"Misiune \u0219i Comuniune. A fi ortodox \u00een Fran\u021ba\" width=\"1100\" height=\"825\" src=\"https:\/\/www.youtube.com\/embed\/ww_idlrh-yU?feature=oembed\" frameborder=\"0\" allow=\"accelerometer; autoplay; clipboard-write; encrypted-media; gyroscope; picture-in-picture\" allowfullscreen><\/iframe>\r\n                <\/div><\/figure>\r\n                P\u0103rintele R\u0103zvan Ionescu &#8211; A fi ortodox \u00een Fran\u021ba<br \/>\n<br \/>\n22 iulie 2015","protected":false},"excerpt":{"rendered":"<p>P\u0103rintele R\u0103zvan Ionescu &#8211; A fi ortodox \u00een Fran\u021ba 22 iulie 2015<\/p>\n","protected":false},"author":1,"featured_media":4088,"comment_status":"open","ping_status":"open","sticky":false,"template":"","format":"video","meta":{"footnotes":""},"categories":[42,1],"tags":[270,49,268,269,266,267,46,45,271,34],"class_list":["post-4080","post","type-post","status-publish","format-video","has-post-thumbnail","hentry","category-emisiuni-tv","category-video","tag-crestin-ortodox-in-franta","tag-emisiuni","tag-franta-si-ortodoxia","tag-ortodocsi-francezi","tag-ortodox-in-franta","tag-ortodoxia-in-franta","tag-parintele-razvan-ionescu","tag-pr-razvan-ionescu","tag-trairea-ortodoxiei-in-franta","tag-video","post_format-post-format-video"],"_links":{"self":[{"href":"https:\/\/orthodoxeroumain.fr\/video\/wp-json\/wp\/v2\/posts\/4080","targetHints":{"allow":["GET"]}}],"collection":[{"href":"https:\/\/orthodoxeroumain.fr\/video\/wp-json\/wp\/v2\/posts"}],"about":[{"href":"https:\/\/orthodoxeroumain.fr\/video\/wp-json\/wp\/v2\/types\/post"}],"author":[{"embeddable":true,"href":"https:\/\/orthodoxeroumain.fr\/video\/wp-json\/wp\/v2\/users\/1"}],"replies":[{"embeddable":true,"href":"https:\/\/orthodoxeroumain.fr\/video\/wp-json\/wp\/v2\/comments?post=4080"}],"version-history":[{"count":1,"href":"https:\/\/orthodoxeroumain.fr\/video\/wp-json\/wp\/v2\/posts\/4080\/revisions"}],"predecessor-version":[{"id":4332,"href":"https:\/\/orthodoxeroumain.fr\/video\/wp-json\/wp\/v2\/posts\/4080\/revisions\/4332"}],"wp:featuredmedia":[{"embeddable":true,"href":"https:\/\/orthodoxeroumain.fr\/video\/wp-json\/wp\/v2\/media\/4088"}],"wp:attachment":[{"href":"https:\/\/orthodoxeroumain.fr\/video\/wp-json\/wp\/v2\/media?parent=4080"}],"wp:term":[{"taxonomy":"category","embeddable":true,"href":"https:\/\/orthodoxeroumain.fr\/video\/wp-json\/wp\/v2\/categories?post=4080"},{"taxonomy":"post_tag","embeddable":true,"href":"https:\/\/orthodoxeroumain.fr\/video\/wp-json\/wp\/v2\/tags?post=4080"}],"curies":[{"name":"wp","href":"https:\/\/api.w.org\/{rel}","templated":true}]}}