{"id":4092,"date":"2021-01-26T16:33:59","date_gmt":"2021-01-26T15:33:59","guid":{"rendered":"https:\/\/orthodoxeroumain.fr\/video\/2021\/01\/26\/cuvantul-lui-dumnezeu-pentru-noi-modele-de-traire-crestina-din-perioada-apostolica\/"},"modified":"2021-02-01T20:38:58","modified_gmt":"2021-02-01T19:38:58","slug":"cuvantul-lui-dumnezeu-pentru-noi-modele-de-traire-crestina-din-perioada-apostolica","status":"publish","type":"post","link":"https:\/\/orthodoxeroumain.fr\/video\/2021\/01\/26\/cuvantul-lui-dumnezeu-pentru-noi-modele-de-traire-crestina-din-perioada-apostolica\/","title":{"rendered":"Cuv\u00e2ntul lui Dumnezeu pentru noi. Modele de tr\u0103ire cre\u0219tin\u0103 din perioada apostolic\u0103"},"content":{"rendered":"\r\n                \r\n                <figure class=\"wp-block-embed-youtube wp-block-embed is-type-video is-provider-youtube\"><div class=\"wp-block-embed__wrapper\"> \r\n                <iframe loading=\"lazy\" title=\"Cuv\u00e2ntul lui Dumnezeu pentru noi. Modele de tr\u0103ire cre\u0219tin\u0103 din perioada apostolic\u0103\" width=\"1100\" height=\"619\" src=\"https:\/\/www.youtube.com\/embed\/lPTjZTEtIP8?feature=oembed\" frameborder=\"0\" allow=\"accelerometer; autoplay; clipboard-write; encrypted-media; gyroscope; picture-in-picture\" allowfullscreen><\/iframe>\r\n                <\/div><\/figure>\r\n                P\u0103rintele R\u0103zvan Ionescu &#8211; Modele de tr\u0103ire cre\u0219tin\u0103 din perioada apostolic\u0103<br \/>\n<br \/>\n16 decembrie 2018","protected":false},"excerpt":{"rendered":"<p>P\u0103rintele R\u0103zvan Ionescu &#8211; Modele de tr\u0103ire cre\u0219tin\u0103 din perioada apostolic\u0103 16 decembrie 2018<\/p>\n","protected":false},"author":1,"featured_media":4094,"comment_status":"open","ping_status":"open","sticky":false,"template":"","format":"video","meta":{"footnotes":""},"categories":[42,1],"tags":[219,49,218,217,46,238,45,216,34],"class_list":["post-4092","post","type-post","status-publish","format-video","has-post-thumbnail","hentry","category-emisiuni-tv","category-video","tag-apostolii","tag-emisiuni","tag-modele-crestinesti","tag-modele-de-traire-a-vietii-crestinesti","tag-parintele-razvan-ionescu","tag-perioada-apostolica","tag-pr-razvan-ionescu","tag-viata-crestinilor-in-timpul-apostolilor","tag-video","post_format-post-format-video"],"_links":{"self":[{"href":"https:\/\/orthodoxeroumain.fr\/video\/wp-json\/wp\/v2\/posts\/4092","targetHints":{"allow":["GET"]}}],"collection":[{"href":"https:\/\/orthodoxeroumain.fr\/video\/wp-json\/wp\/v2\/posts"}],"about":[{"href":"https:\/\/orthodoxeroumain.fr\/video\/wp-json\/wp\/v2\/types\/post"}],"author":[{"embeddable":true,"href":"https:\/\/orthodoxeroumain.fr\/video\/wp-json\/wp\/v2\/users\/1"}],"replies":[{"embeddable":true,"href":"https:\/\/orthodoxeroumain.fr\/video\/wp-json\/wp\/v2\/comments?post=4092"}],"version-history":[{"count":1,"href":"https:\/\/orthodoxeroumain.fr\/video\/wp-json\/wp\/v2\/posts\/4092\/revisions"}],"predecessor-version":[{"id":4316,"href":"https:\/\/orthodoxeroumain.fr\/video\/wp-json\/wp\/v2\/posts\/4092\/revisions\/4316"}],"wp:featuredmedia":[{"embeddable":true,"href":"https:\/\/orthodoxeroumain.fr\/video\/wp-json\/wp\/v2\/media\/4094"}],"wp:attachment":[{"href":"https:\/\/orthodoxeroumain.fr\/video\/wp-json\/wp\/v2\/media?parent=4092"}],"wp:term":[{"taxonomy":"category","embeddable":true,"href":"https:\/\/orthodoxeroumain.fr\/video\/wp-json\/wp\/v2\/categories?post=4092"},{"taxonomy":"post_tag","embeddable":true,"href":"https:\/\/orthodoxeroumain.fr\/video\/wp-json\/wp\/v2\/tags?post=4092"}],"curies":[{"name":"wp","href":"https:\/\/api.w.org\/{rel}","templated":true}]}}