{"id":4111,"date":"2021-01-26T16:51:03","date_gmt":"2021-01-26T15:51:03","guid":{"rendered":"https:\/\/orthodoxeroumain.fr\/video\/2021\/01\/26\/credinta-si-cultura-azi-biserica-nu-inseamna-ziduri-ci-oameni-vii\/"},"modified":"2021-01-27T10:48:37","modified_gmt":"2021-01-27T09:48:37","slug":"credinta-si-cultura-azi-biserica-nu-inseamna-ziduri-ci-oameni-vii","status":"publish","type":"post","link":"https:\/\/orthodoxeroumain.fr\/video\/2021\/01\/26\/credinta-si-cultura-azi-biserica-nu-inseamna-ziduri-ci-oameni-vii\/","title":{"rendered":"Credin\u021b\u0103 \u0219i Cultur\u0103 Azi. Biserica nu \u00eenseamn\u0103 ziduri, ci oameni vii"},"content":{"rendered":"\r\n                \r\n                <figure class=\"wp-block-embed-youtube wp-block-embed is-type-video is-provider-youtube\"><div class=\"wp-block-embed__wrapper\"> \r\n                <iframe loading=\"lazy\" title=\"Credin\u021b\u0103 \u0219i Cultur\u0103 Azi. Biserica nu \u00eenseamn\u0103 ziduri, ci oameni vii\" width=\"1100\" height=\"825\" src=\"https:\/\/www.youtube.com\/embed\/3-Vt_de1yjU?feature=oembed\" frameborder=\"0\" allow=\"accelerometer; autoplay; clipboard-write; encrypted-media; gyroscope; picture-in-picture\" allowfullscreen><\/iframe>\r\n                <\/div><\/figure>\r\n                P\u0103rintele R\u0103zvan Ionescu &#8211; Biserica nu \u00eenseamn\u0103 ziduri, ci oameni vii<br \/>\n<br \/>\n31 octombrie 2016","protected":false},"excerpt":{"rendered":"<p>P\u0103rintele R\u0103zvan Ionescu &#8211; Biserica nu \u00eenseamn\u0103 ziduri, ci oameni vii 31 octombrie 2016<\/p>\n","protected":false},"author":1,"featured_media":4113,"comment_status":"open","ping_status":"open","sticky":false,"template":"","format":"video","meta":{"footnotes":""},"categories":[42,1],"tags":[107,121,116,117,49,119,46,45,120,34,118],"class_list":["post-4111","post","type-post","status-publish","format-video","has-post-thumbnail","hentry","category-emisiuni-tv","category-video","tag-biserica","tag-catedrala-mantuirii-neamului","tag-credinta","tag-cultura","tag-emisiuni","tag-oameni-vii","tag-parintele-razvan-ionescu","tag-pr-razvan-ionescu","tag-viata","tag-video","tag-ziduri","post_format-post-format-video"],"_links":{"self":[{"href":"https:\/\/orthodoxeroumain.fr\/video\/wp-json\/wp\/v2\/posts\/4111","targetHints":{"allow":["GET"]}}],"collection":[{"href":"https:\/\/orthodoxeroumain.fr\/video\/wp-json\/wp\/v2\/posts"}],"about":[{"href":"https:\/\/orthodoxeroumain.fr\/video\/wp-json\/wp\/v2\/types\/post"}],"author":[{"embeddable":true,"href":"https:\/\/orthodoxeroumain.fr\/video\/wp-json\/wp\/v2\/users\/1"}],"replies":[{"embeddable":true,"href":"https:\/\/orthodoxeroumain.fr\/video\/wp-json\/wp\/v2\/comments?post=4111"}],"version-history":[{"count":1,"href":"https:\/\/orthodoxeroumain.fr\/video\/wp-json\/wp\/v2\/posts\/4111\/revisions"}],"predecessor-version":[{"id":4259,"href":"https:\/\/orthodoxeroumain.fr\/video\/wp-json\/wp\/v2\/posts\/4111\/revisions\/4259"}],"wp:featuredmedia":[{"embeddable":true,"href":"https:\/\/orthodoxeroumain.fr\/video\/wp-json\/wp\/v2\/media\/4113"}],"wp:attachment":[{"href":"https:\/\/orthodoxeroumain.fr\/video\/wp-json\/wp\/v2\/media?parent=4111"}],"wp:term":[{"taxonomy":"category","embeddable":true,"href":"https:\/\/orthodoxeroumain.fr\/video\/wp-json\/wp\/v2\/categories?post=4111"},{"taxonomy":"post_tag","embeddable":true,"href":"https:\/\/orthodoxeroumain.fr\/video\/wp-json\/wp\/v2\/tags?post=4111"}],"curies":[{"name":"wp","href":"https:\/\/api.w.org\/{rel}","templated":true}]}}