{"id":4112,"date":"2021-01-26T16:48:27","date_gmt":"2021-01-26T15:48:27","guid":{"rendered":"https:\/\/orthodoxeroumain.fr\/video\/2021\/01\/26\/cuvant-pentru-suflet-cum-ne-raportam-la-bani-si-putere\/"},"modified":"2021-01-27T10:49:49","modified_gmt":"2021-01-27T09:49:49","slug":"cuvant-pentru-suflet-cum-ne-raportam-la-bani-si-putere","status":"publish","type":"post","link":"https:\/\/orthodoxeroumain.fr\/video\/2021\/01\/26\/cuvant-pentru-suflet-cum-ne-raportam-la-bani-si-putere\/","title":{"rendered":"Cuv\u00e2nt pentru suflet. Cum ne raport\u0103m la bani \u0219i putere?"},"content":{"rendered":"\r\n                \r\n                <figure class=\"wp-block-embed-youtube wp-block-embed is-type-video is-provider-youtube\"><div class=\"wp-block-embed__wrapper\"> \r\n                <iframe loading=\"lazy\" title=\"Cuv\u00e2nt pentru suflet. Cum ne raport\u0103m la bani \u0219i putere?\" width=\"1100\" height=\"825\" src=\"https:\/\/www.youtube.com\/embed\/32VLCOuZZs4?feature=oembed\" frameborder=\"0\" allow=\"accelerometer; autoplay; clipboard-write; encrypted-media; gyroscope; picture-in-picture\" allowfullscreen><\/iframe>\r\n                <\/div><\/figure>\r\n                P\u0103rintele R\u0103zvan Ionescu &#8211; Cum ne raport\u0103m la bani \u0219i putere?<br \/>\n<br \/>\n14 septembrie 2016","protected":false},"excerpt":{"rendered":"<p>P\u0103rintele R\u0103zvan Ionescu &#8211; Cum ne raport\u0103m la bani \u0219i putere? 14 septembrie 2016<\/p>\n","protected":false},"author":1,"featured_media":4114,"comment_status":"open","ping_status":"open","sticky":false,"template":"","format":"video","meta":{"footnotes":""},"categories":[42,1],"tags":[126,124,96,123,49,46,45,125,34],"class_list":["post-4112","post","type-post","status-publish","format-video","has-post-thumbnail","hentry","category-emisiuni-tv","category-video","tag-averea-bisericii","tag-bani","tag-cuvant","tag-cuvant-pentru-suflet","tag-emisiuni","tag-parintele-razvan-ionescu","tag-pr-razvan-ionescu","tag-putere","tag-video","post_format-post-format-video"],"_links":{"self":[{"href":"https:\/\/orthodoxeroumain.fr\/video\/wp-json\/wp\/v2\/posts\/4112","targetHints":{"allow":["GET"]}}],"collection":[{"href":"https:\/\/orthodoxeroumain.fr\/video\/wp-json\/wp\/v2\/posts"}],"about":[{"href":"https:\/\/orthodoxeroumain.fr\/video\/wp-json\/wp\/v2\/types\/post"}],"author":[{"embeddable":true,"href":"https:\/\/orthodoxeroumain.fr\/video\/wp-json\/wp\/v2\/users\/1"}],"replies":[{"embeddable":true,"href":"https:\/\/orthodoxeroumain.fr\/video\/wp-json\/wp\/v2\/comments?post=4112"}],"version-history":[{"count":1,"href":"https:\/\/orthodoxeroumain.fr\/video\/wp-json\/wp\/v2\/posts\/4112\/revisions"}],"predecessor-version":[{"id":4261,"href":"https:\/\/orthodoxeroumain.fr\/video\/wp-json\/wp\/v2\/posts\/4112\/revisions\/4261"}],"wp:featuredmedia":[{"embeddable":true,"href":"https:\/\/orthodoxeroumain.fr\/video\/wp-json\/wp\/v2\/media\/4114"}],"wp:attachment":[{"href":"https:\/\/orthodoxeroumain.fr\/video\/wp-json\/wp\/v2\/media?parent=4112"}],"wp:term":[{"taxonomy":"category","embeddable":true,"href":"https:\/\/orthodoxeroumain.fr\/video\/wp-json\/wp\/v2\/categories?post=4112"},{"taxonomy":"post_tag","embeddable":true,"href":"https:\/\/orthodoxeroumain.fr\/video\/wp-json\/wp\/v2\/tags?post=4112"}],"curies":[{"name":"wp","href":"https:\/\/api.w.org\/{rel}","templated":true}]}}