{"id":4121,"date":"2021-01-18T20:27:09","date_gmt":"2021-01-18T19:27:09","guid":{"rendered":"https:\/\/orthodoxeroumain.fr\/video\/2021\/01\/18\/conferinta-ascor-cluj-parintele-razvan-ionescu-partea-a-ii-a\/"},"modified":"2021-02-02T06:08:05","modified_gmt":"2021-02-02T05:08:05","slug":"conferinta-ascor-cluj-parintele-razvan-ionescu-partea-a-ii-a","status":"publish","type":"post","link":"https:\/\/orthodoxeroumain.fr\/video\/2021\/01\/18\/conferinta-ascor-cluj-parintele-razvan-ionescu-partea-a-ii-a\/","title":{"rendered":"Conferin\u021b\u0103 ASCOR Cluj. P\u0103rintele R\u0103zvan Ionescu. Partea a II-a"},"content":{"rendered":"\r\n                \r\n                <figure class=\"wp-block-embed-youtube wp-block-embed is-type-video is-provider-youtube\"><div class=\"wp-block-embed__wrapper\"> \r\n                <iframe loading=\"lazy\" title=\"Conferin\u021b\u0103 ASCOR Cluj. P\u0103rintele R\u0103zvan Ionescu. Partea a II-a\" width=\"1100\" height=\"619\" src=\"https:\/\/www.youtube.com\/embed\/dXwL-pMDU8g?feature=oembed\" frameborder=\"0\" allow=\"accelerometer; autoplay; clipboard-write; encrypted-media; gyroscope; picture-in-picture\" allowfullscreen><\/iframe>\r\n                <\/div><\/figure>\r\n                Conferin\u021b\u0103 ASCOR Cluj. P\u0103rintele R\u0103zvan Ionescu. Partea a II-a<br \/>\n<br \/>\nCluj-Napoca, 2012","protected":false},"excerpt":{"rendered":"<p>Conferin\u021b\u0103 ASCOR Cluj. P\u0103rintele R\u0103zvan Ionescu. Partea a II-a Cluj-Napoca, 2012<\/p>\n","protected":false},"author":1,"featured_media":4126,"comment_status":"open","ping_status":"open","sticky":false,"template":"","format":"video","meta":{"footnotes":""},"categories":[40,1],"tags":[187,338,339,50,46,45,341,340,34],"class_list":["post-4121","post","type-post","status-publish","format-video","has-post-thumbnail","hentry","category-conferinte","category-video","tag-ascor","tag-ascor-cluj","tag-cluj","tag-conferinta","tag-parintele-razvan-ionescu","tag-pr-razvan-ionescu","tag-studenti","tag-tineri","tag-video","post_format-post-format-video"],"_links":{"self":[{"href":"https:\/\/orthodoxeroumain.fr\/video\/wp-json\/wp\/v2\/posts\/4121","targetHints":{"allow":["GET"]}}],"collection":[{"href":"https:\/\/orthodoxeroumain.fr\/video\/wp-json\/wp\/v2\/posts"}],"about":[{"href":"https:\/\/orthodoxeroumain.fr\/video\/wp-json\/wp\/v2\/types\/post"}],"author":[{"embeddable":true,"href":"https:\/\/orthodoxeroumain.fr\/video\/wp-json\/wp\/v2\/users\/1"}],"replies":[{"embeddable":true,"href":"https:\/\/orthodoxeroumain.fr\/video\/wp-json\/wp\/v2\/comments?post=4121"}],"version-history":[{"count":1,"href":"https:\/\/orthodoxeroumain.fr\/video\/wp-json\/wp\/v2\/posts\/4121\/revisions"}],"predecessor-version":[{"id":4356,"href":"https:\/\/orthodoxeroumain.fr\/video\/wp-json\/wp\/v2\/posts\/4121\/revisions\/4356"}],"wp:featuredmedia":[{"embeddable":true,"href":"https:\/\/orthodoxeroumain.fr\/video\/wp-json\/wp\/v2\/media\/4126"}],"wp:attachment":[{"href":"https:\/\/orthodoxeroumain.fr\/video\/wp-json\/wp\/v2\/media?parent=4121"}],"wp:term":[{"taxonomy":"category","embeddable":true,"href":"https:\/\/orthodoxeroumain.fr\/video\/wp-json\/wp\/v2\/categories?post=4121"},{"taxonomy":"post_tag","embeddable":true,"href":"https:\/\/orthodoxeroumain.fr\/video\/wp-json\/wp\/v2\/tags?post=4121"}],"curies":[{"name":"wp","href":"https:\/\/api.w.org\/{rel}","templated":true}]}}