{"id":4123,"date":"2021-01-18T20:14:11","date_gmt":"2021-01-18T19:14:11","guid":{"rendered":"https:\/\/orthodoxeroumain.fr\/video\/2021\/01\/18\/parintele-razvan-ionescu-conferinta-miza-postirii-provocari-contemporane\/"},"modified":"2021-02-02T06:10:32","modified_gmt":"2021-02-02T05:10:32","slug":"parintele-razvan-ionescu-conferinta-miza-postirii-provocari-contemporane","status":"publish","type":"post","link":"https:\/\/orthodoxeroumain.fr\/video\/2021\/01\/18\/parintele-razvan-ionescu-conferinta-miza-postirii-provocari-contemporane\/","title":{"rendered":"P\u0103rintele R\u0103zvan Ionescu &#8211; Conferin\u021ba Miza postirii. Provoc\u0103ri contemporane."},"content":{"rendered":"\r\n                \r\n                <figure class=\"wp-block-embed-youtube wp-block-embed is-type-video is-provider-youtube\"><div class=\"wp-block-embed__wrapper\"> \r\n                <iframe loading=\"lazy\" title=\"P\u0103rintele R\u0103zvan Ionescu - Conferin\u021ba Miza postirii. Provoc\u0103ri contemporane.\" width=\"1100\" height=\"619\" src=\"https:\/\/www.youtube.com\/embed\/YJ9TLgBgaH8?feature=oembed\" frameborder=\"0\" allow=\"accelerometer; autoplay; clipboard-write; encrypted-media; gyroscope; picture-in-picture\" allowfullscreen><\/iframe>\r\n                <\/div><\/figure>\r\n                P\u0103rintele R\u0103zvan Ionescu &#8211; Conferin\u021ba Miza postirii. Provoc\u0103ri contemporane.<br \/>\n<br \/>\nBucure\u0219ti, 18 martie 2019<br \/>\n<br \/>\nLuni, 18 martie 2019, de la ora 19, p\u0103rintele doctor R\u0103zvan Ionescu, parohul bisericii ortodoxe rom\u00e2ne &#8222;Sf\u00e2nta Parascheva \u2013 Sf\u00e2nta Genoveva\u201d (biserica Saint Sulpice), Paris, a sus\u021binut conferin\u021ba &#8222;Miza postirii. Provoc\u0103ri contemporane&#8221; \u00een biserica &#8222;Sf\u00e2ntul Nicolae dintr-o zi&#8221;.<br \/>\n<br \/>\nModeratorul \u0219i gazda \u00eent\u00e2lnirii a fost p\u0103rintele paroh Vasile Ioana.","protected":false},"excerpt":{"rendered":"<p>P\u0103rintele R\u0103zvan Ionescu &#8211; Conferin\u021ba Miza postirii. Provoc\u0103ri contemporane. Bucure\u0219ti, 18 martie 2019 Luni, 18 martie 2019, [&hellip;]<\/p>\n","protected":false},"author":1,"featured_media":4131,"comment_status":"open","ping_status":"open","sticky":false,"template":"","format":"video","meta":{"footnotes":""},"categories":[40,1],"tags":[50,351,347,293,348,345,46,344,45,346,352,329,349,350,34],"class_list":["post-4123","post","type-post","status-publish","format-video","has-post-thumbnail","hentry","category-conferinte","category-video","tag-conferinta","tag-de-ce-postim","tag-despre-post","tag-dialog","tag-folosul-postului","tag-miza-postirii","tag-parintele-razvan-ionescu","tag-postul","tag-pr-razvan-ionescu","tag-pr-vasile-ioana","tag-provocari-contemporane","tag-raspunsuri","tag-rolul-bostului","tag-rostul-postului","tag-video","post_format-post-format-video"],"_links":{"self":[{"href":"https:\/\/orthodoxeroumain.fr\/video\/wp-json\/wp\/v2\/posts\/4123","targetHints":{"allow":["GET"]}}],"collection":[{"href":"https:\/\/orthodoxeroumain.fr\/video\/wp-json\/wp\/v2\/posts"}],"about":[{"href":"https:\/\/orthodoxeroumain.fr\/video\/wp-json\/wp\/v2\/types\/post"}],"author":[{"embeddable":true,"href":"https:\/\/orthodoxeroumain.fr\/video\/wp-json\/wp\/v2\/users\/1"}],"replies":[{"embeddable":true,"href":"https:\/\/orthodoxeroumain.fr\/video\/wp-json\/wp\/v2\/comments?post=4123"}],"version-history":[{"count":1,"href":"https:\/\/orthodoxeroumain.fr\/video\/wp-json\/wp\/v2\/posts\/4123\/revisions"}],"predecessor-version":[{"id":4362,"href":"https:\/\/orthodoxeroumain.fr\/video\/wp-json\/wp\/v2\/posts\/4123\/revisions\/4362"}],"wp:featuredmedia":[{"embeddable":true,"href":"https:\/\/orthodoxeroumain.fr\/video\/wp-json\/wp\/v2\/media\/4131"}],"wp:attachment":[{"href":"https:\/\/orthodoxeroumain.fr\/video\/wp-json\/wp\/v2\/media?parent=4123"}],"wp:term":[{"taxonomy":"category","embeddable":true,"href":"https:\/\/orthodoxeroumain.fr\/video\/wp-json\/wp\/v2\/categories?post=4123"},{"taxonomy":"post_tag","embeddable":true,"href":"https:\/\/orthodoxeroumain.fr\/video\/wp-json\/wp\/v2\/tags?post=4123"}],"curies":[{"name":"wp","href":"https:\/\/api.w.org\/{rel}","templated":true}]}}