{"id":4138,"date":"2021-01-18T21:06:32","date_gmt":"2021-01-18T20:06:32","guid":{"rendered":"https:\/\/orthodoxeroumain.fr\/video\/2021\/01\/18\/marturie-parintele-proclu-asa-cum-l-am-cunoscut\/"},"modified":"2021-02-02T06:07:24","modified_gmt":"2021-02-02T05:07:24","slug":"marturie-parintele-proclu-asa-cum-l-am-cunoscut","status":"publish","type":"post","link":"https:\/\/orthodoxeroumain.fr\/video\/2021\/01\/18\/marturie-parintele-proclu-asa-cum-l-am-cunoscut\/","title":{"rendered":"M\u0103rturie: \u201eP\u0103rintele Proclu, a\u0219a cum l-am cunoscut\u201d"},"content":{"rendered":"\r\n                \r\n                <figure class=\"wp-block-embed-youtube wp-block-embed is-type-video is-provider-youtube\"><div class=\"wp-block-embed__wrapper\"> \r\n                <iframe loading=\"lazy\" title=\"M\u0103rturie: \u201eP\u0103rintele Proclu, a\u0219a cum l-am cunoscut\u201d\" width=\"1100\" height=\"619\" src=\"https:\/\/www.youtube.com\/embed\/wr0kckUdkNM?feature=oembed\" frameborder=\"0\" allow=\"accelerometer; autoplay; clipboard-write; encrypted-media; gyroscope; picture-in-picture\" allowfullscreen><\/iframe>\r\n                <\/div><\/figure>\r\n                Conferin\u021b\u0103 sus\u021binut\u0103 \u00een Sala Baptisteriu a Muzeului Mitropolitan din Ia\u0219i cu ocazia lans\u0103rii c\u0103r\u021bii P\u0103rintele Proclu, a\u0219a cum l-am cunoscut, de Pr. R\u0103zvan Andrei Ionescu.<br \/>\n<br \/>\nInvita\u021bi: Pr. R\u0103zvan Andrei Ionescu, autorul (responsabil al direc\u0163iei \u201eTeologie \u015fi \u015ftiin\u0163\u0103\u201d \u00een cadrul Centrului Ortodox de Studii \u015fi de Cercet\u0103ri \u201eDumitru St\u0103niloae\u201d din Paris) \u0219i Pr. Sorin Vieru, preot paroh Parohia \u201eAcoper\u0103m\u00e2ntul Maicii Domnului\u201d, Piatra-Neam\u021b.<br \/>\n<br \/>\nIa\u0219i, 6 aprilie 2017","protected":false},"excerpt":{"rendered":"<p>Conferin\u021b\u0103 sus\u021binut\u0103 \u00een Sala Baptisteriu a Muzeului Mitropolitan din Ia\u0219i cu ocazia lans\u0103rii c\u0103r\u021bii P\u0103rintele Proclu, a\u0219a [&hellip;]<\/p>\n","protected":false},"author":1,"featured_media":4140,"comment_status":"open","ping_status":"open","sticky":false,"template":"","format":"video","meta":{"footnotes":""},"categories":[40,1],"tags":[50,114,306,46,337,45,34],"class_list":["post-4138","post","type-post","status-publish","format-video","has-post-thumbnail","hentry","category-conferinte","category-video","tag-conferinta","tag-marturie","tag-parintele-proclu","tag-parintele-razvan-ionescu","tag-pr-proclu-nicau","tag-pr-razvan-ionescu","tag-video","post_format-post-format-video"],"_links":{"self":[{"href":"https:\/\/orthodoxeroumain.fr\/video\/wp-json\/wp\/v2\/posts\/4138","targetHints":{"allow":["GET"]}}],"collection":[{"href":"https:\/\/orthodoxeroumain.fr\/video\/wp-json\/wp\/v2\/posts"}],"about":[{"href":"https:\/\/orthodoxeroumain.fr\/video\/wp-json\/wp\/v2\/types\/post"}],"author":[{"embeddable":true,"href":"https:\/\/orthodoxeroumain.fr\/video\/wp-json\/wp\/v2\/users\/1"}],"replies":[{"embeddable":true,"href":"https:\/\/orthodoxeroumain.fr\/video\/wp-json\/wp\/v2\/comments?post=4138"}],"version-history":[{"count":1,"href":"https:\/\/orthodoxeroumain.fr\/video\/wp-json\/wp\/v2\/posts\/4138\/revisions"}],"predecessor-version":[{"id":4354,"href":"https:\/\/orthodoxeroumain.fr\/video\/wp-json\/wp\/v2\/posts\/4138\/revisions\/4354"}],"wp:featuredmedia":[{"embeddable":true,"href":"https:\/\/orthodoxeroumain.fr\/video\/wp-json\/wp\/v2\/media\/4140"}],"wp:attachment":[{"href":"https:\/\/orthodoxeroumain.fr\/video\/wp-json\/wp\/v2\/media?parent=4138"}],"wp:term":[{"taxonomy":"category","embeddable":true,"href":"https:\/\/orthodoxeroumain.fr\/video\/wp-json\/wp\/v2\/categories?post=4138"},{"taxonomy":"post_tag","embeddable":true,"href":"https:\/\/orthodoxeroumain.fr\/video\/wp-json\/wp\/v2\/tags?post=4138"}],"curies":[{"name":"wp","href":"https:\/\/api.w.org\/{rel}","templated":true}]}}