{"id":4141,"date":"2021-01-23T14:00:20","date_gmt":"2021-01-23T13:00:20","guid":{"rendered":"https:\/\/orthodoxeroumain.fr\/video\/2021\/01\/23\/conferinta-parintelui-razvan-ionescu-sesiunea-de-intrebari-partea-i\/"},"modified":"2021-02-02T06:06:21","modified_gmt":"2021-02-02T05:06:21","slug":"conferinta-parintelui-razvan-ionescu-sesiunea-de-intrebari-partea-i","status":"publish","type":"post","link":"https:\/\/orthodoxeroumain.fr\/video\/2021\/01\/23\/conferinta-parintelui-razvan-ionescu-sesiunea-de-intrebari-partea-i\/","title":{"rendered":"Conferin\u021ba P\u0103rintelui R\u0103zvan Ionescu &#8211; Sesiunea de \u00centreb\u0103ri, Partea I"},"content":{"rendered":"\r\n                \r\n                <figure class=\"wp-block-embed-youtube wp-block-embed is-type-video is-provider-youtube\"><div class=\"wp-block-embed__wrapper\"> \r\n                <iframe loading=\"lazy\" title=\"Conferin\u021ba P\u0103rintelui R\u0103zvan Ionescu - Sesiunea de \u00centreb\u0103ri, Partea I\" width=\"1100\" height=\"619\" src=\"https:\/\/www.youtube.com\/embed\/vcTvwOAWGGg?feature=oembed\" frameborder=\"0\" allow=\"accelerometer; autoplay; clipboard-write; encrypted-media; gyroscope; picture-in-picture\" allowfullscreen><\/iframe>\r\n                <\/div><\/figure>\r\n                P\u0103rintele R\u0103zvan Ionescu &#8211; Sesiunea de \u00centreb\u0103ri, Partea I<br \/>\n<br \/>\nT\u00e2rgu Mure\u0219, 13 mai 2019<br \/>\n<br \/>\nCuv\u00e2ntul care Zide\u0219te&#8221;, o produc\u021bie TVR T\u00e2rgu Mure\u0219","protected":false},"excerpt":{"rendered":"<p>P\u0103rintele R\u0103zvan Ionescu &#8211; Sesiunea de \u00centreb\u0103ri, Partea I T\u00e2rgu Mure\u0219, 13 mai 2019 Cuv\u00e2ntul care Zide\u0219te&#8221;, [&hellip;]<\/p>\n","protected":false},"author":1,"featured_media":4144,"comment_status":"open","ping_status":"open","sticky":false,"template":"","format":"video","meta":{"footnotes":""},"categories":[40,1],"tags":[50,328,46,45,329,34],"class_list":["post-4141","post","type-post","status-publish","format-video","has-post-thumbnail","hentry","category-conferinte","category-video","tag-conferinta","tag-intrebari","tag-parintele-razvan-ionescu","tag-pr-razvan-ionescu","tag-raspunsuri","tag-video","post_format-post-format-video"],"_links":{"self":[{"href":"https:\/\/orthodoxeroumain.fr\/video\/wp-json\/wp\/v2\/posts\/4141","targetHints":{"allow":["GET"]}}],"collection":[{"href":"https:\/\/orthodoxeroumain.fr\/video\/wp-json\/wp\/v2\/posts"}],"about":[{"href":"https:\/\/orthodoxeroumain.fr\/video\/wp-json\/wp\/v2\/types\/post"}],"author":[{"embeddable":true,"href":"https:\/\/orthodoxeroumain.fr\/video\/wp-json\/wp\/v2\/users\/1"}],"replies":[{"embeddable":true,"href":"https:\/\/orthodoxeroumain.fr\/video\/wp-json\/wp\/v2\/comments?post=4141"}],"version-history":[{"count":1,"href":"https:\/\/orthodoxeroumain.fr\/video\/wp-json\/wp\/v2\/posts\/4141\/revisions"}],"predecessor-version":[{"id":4352,"href":"https:\/\/orthodoxeroumain.fr\/video\/wp-json\/wp\/v2\/posts\/4141\/revisions\/4352"}],"wp:featuredmedia":[{"embeddable":true,"href":"https:\/\/orthodoxeroumain.fr\/video\/wp-json\/wp\/v2\/media\/4144"}],"wp:attachment":[{"href":"https:\/\/orthodoxeroumain.fr\/video\/wp-json\/wp\/v2\/media?parent=4141"}],"wp:term":[{"taxonomy":"category","embeddable":true,"href":"https:\/\/orthodoxeroumain.fr\/video\/wp-json\/wp\/v2\/categories?post=4141"},{"taxonomy":"post_tag","embeddable":true,"href":"https:\/\/orthodoxeroumain.fr\/video\/wp-json\/wp\/v2\/tags?post=4141"}],"curies":[{"name":"wp","href":"https:\/\/api.w.org\/{rel}","templated":true}]}}