{"id":4146,"date":"2021-01-18T21:25:58","date_gmt":"2021-01-18T20:25:58","guid":{"rendered":"https:\/\/orthodoxeroumain.fr\/video\/2021\/01\/18\/vindecare-duhovniceasca-terapia-libertatii-launtrice\/"},"modified":"2021-02-02T06:07:04","modified_gmt":"2021-02-02T05:07:04","slug":"vindecare-duhovniceasca-terapia-libertatii-launtrice","status":"publish","type":"post","link":"https:\/\/orthodoxeroumain.fr\/video\/2021\/01\/18\/vindecare-duhovniceasca-terapia-libertatii-launtrice\/","title":{"rendered":"Vindecare duhovniceasc\u0103. Terapia libert\u0103\u021bii l\u0103untrice"},"content":{"rendered":"\r\n                \r\n                <figure class=\"wp-block-embed-youtube wp-block-embed is-type-video is-provider-youtube\"><div class=\"wp-block-embed__wrapper\"> \r\n                <iframe loading=\"lazy\" title=\"Vindecare duhovniceasc\u0103. Terapia libert\u0103\u021bii l\u0103untrice\" width=\"1100\" height=\"619\" src=\"https:\/\/www.youtube.com\/embed\/kR44WGhBgmg?feature=oembed\" frameborder=\"0\" allow=\"accelerometer; autoplay; clipboard-write; encrypted-media; gyroscope; picture-in-picture\" allowfullscreen><\/iframe>\r\n                <\/div><\/figure>\r\n                P\u0103rintele R\u0103zvan Ionescu &#8211; Vindecare duhovniceasc\u0103. Terapia libert\u0103\u021bii l\u0103untrice<br \/>\n<br \/>\nPrelegere sus\u021binut\u0103 \u00een cadrul Simpozionului Interna\u021bional \u201eDumitru Staniloae\u201d &#8211; Cre\u0219tinismul \u00een postcomunism (1989-2019)<br \/>\nTranzi\u021bie &#8211; Terapie &#8211; Tendin\u021be<br \/>\nIa\u0219i, 15-17 mai 2019<br \/>\n<br \/>\nDou\u0103 gesturi fundamentale cere societatea noastr\u0103: radiografierea st\u0103rii ei duhovnice\u0219ti \u0219i angajarea concret\u0103 \u00eentr-un proces de vindecare. Elementele care compun preocup\u0103rile omului contemporan nu ne ajut\u0103 \u00eens\u0103 prea mult.<br \/>\n<br \/>\nAportul cu rol binef\u0103c\u0103tor al \u0219tiin\u021belor este deseori umbrit de instrumentaliz\u0103ri ideologice prin care sim\u021bim mai mult ca oric\u00e2nd fragilitatea noastr\u0103 de f\u0103pturi umane. Registrul temporal al \u00eenceputului \u0219i sf\u00e2r\u0219itului vie\u021bii prilejuie\u0219te jertf\u0103 uman\u0103 \u00een contemporaneitate, e o realitate dur\u0103,  prin decizii care tocmai \u00een numele libert\u0103\u021bii fluidizeaz\u0103 consisten\u021ba de persoan\u0103 \u0219i o supune pierderii, degrad\u0103rii. E uimitor s\u0103 consta\u021bi c\u0103 \u0219i ideologiile letale ale trecutului cu asta au lucrat, cu alterarea con\u0219tiin\u021bei de persoan\u0103 pentru a o putea supune instrumentaliz\u0103rii.<br \/>\n<br \/>\nComunismul a fost \u00een expresia lui totalitar\u0103 est european\u0103 un nazism camuflat. Cu toate acestea, Hristos a \u00eeng\u0103duit na\u0219terea unor \u00eenmiresmate flori ale durerii \u00een pu\u0219c\u0103riile comuniste, oameni prin care Evanghelia a triumfat printre florile mucegaiului, transmi\u021b\u00e2nd epocii noastre postcomuniste un mesaj esen\u021bial: solu\u021bia este Hristos, chiar \u0219i acolo unde nu mai exist\u0103 nici o speran\u021b\u0103 \u00een manifestarea \u00een coordonate fire\u0219ti a umanului.<br \/>\n<br \/>\nDe aici poate porni \u0219i vindecarea societ\u0103\u021bii de azi.","protected":false},"excerpt":{"rendered":"<p>P\u0103rintele R\u0103zvan Ionescu &#8211; Vindecare duhovniceasc\u0103. Terapia libert\u0103\u021bii l\u0103untrice Prelegere sus\u021binut\u0103 \u00een cadrul Simpozionului Interna\u021bional \u201eDumitru Staniloae\u201d [&hellip;]<\/p>\n","protected":false},"author":1,"featured_media":4151,"comment_status":"open","ping_status":"open","sticky":false,"template":"","format":"video","meta":{"footnotes":""},"categories":[40,1],"tags":[336,50,334,46,45,330,331,333,34,335,332],"class_list":["post-4146","post","type-post","status-publish","format-video","has-post-thumbnail","hentry","category-conferinte","category-video","tag-comunism","tag-conferinta","tag-libertate","tag-parintele-razvan-ionescu","tag-pr-razvan-ionescu","tag-simpozionul-staniloae","tag-terapia-libertatii-launtrice","tag-terapie","tag-video","tag-vindecare","tag-vindecare-duhovniceasca","post_format-post-format-video"],"_links":{"self":[{"href":"https:\/\/orthodoxeroumain.fr\/video\/wp-json\/wp\/v2\/posts\/4146","targetHints":{"allow":["GET"]}}],"collection":[{"href":"https:\/\/orthodoxeroumain.fr\/video\/wp-json\/wp\/v2\/posts"}],"about":[{"href":"https:\/\/orthodoxeroumain.fr\/video\/wp-json\/wp\/v2\/types\/post"}],"author":[{"embeddable":true,"href":"https:\/\/orthodoxeroumain.fr\/video\/wp-json\/wp\/v2\/users\/1"}],"replies":[{"embeddable":true,"href":"https:\/\/orthodoxeroumain.fr\/video\/wp-json\/wp\/v2\/comments?post=4146"}],"version-history":[{"count":1,"href":"https:\/\/orthodoxeroumain.fr\/video\/wp-json\/wp\/v2\/posts\/4146\/revisions"}],"predecessor-version":[{"id":4353,"href":"https:\/\/orthodoxeroumain.fr\/video\/wp-json\/wp\/v2\/posts\/4146\/revisions\/4353"}],"wp:featuredmedia":[{"embeddable":true,"href":"https:\/\/orthodoxeroumain.fr\/video\/wp-json\/wp\/v2\/media\/4151"}],"wp:attachment":[{"href":"https:\/\/orthodoxeroumain.fr\/video\/wp-json\/wp\/v2\/media?parent=4146"}],"wp:term":[{"taxonomy":"category","embeddable":true,"href":"https:\/\/orthodoxeroumain.fr\/video\/wp-json\/wp\/v2\/categories?post=4146"},{"taxonomy":"post_tag","embeddable":true,"href":"https:\/\/orthodoxeroumain.fr\/video\/wp-json\/wp\/v2\/tags?post=4146"}],"curies":[{"name":"wp","href":"https:\/\/api.w.org\/{rel}","templated":true}]}}