{"id":4156,"date":"2021-01-24T21:14:58","date_gmt":"2021-01-24T20:14:58","guid":{"rendered":"https:\/\/orthodoxeroumain.fr\/video\/2021\/01\/24\/parintele-razvan-ionescu-ortodoxia-in-occident-partea-i\/"},"modified":"2021-02-02T05:59:35","modified_gmt":"2021-02-02T04:59:35","slug":"parintele-razvan-ionescu-ortodoxia-in-occident-partea-i","status":"publish","type":"post","link":"https:\/\/orthodoxeroumain.fr\/video\/2021\/01\/24\/parintele-razvan-ionescu-ortodoxia-in-occident-partea-i\/","title":{"rendered":"P\u0103rintele R\u0103zvan Ionescu &#8211; Ortodoxia \u00een Occident, Partea I"},"content":{"rendered":"\r\n                \r\n                <figure class=\"wp-block-embed-youtube wp-block-embed is-type-video is-provider-youtube\"><div class=\"wp-block-embed__wrapper\"> \r\n                <iframe loading=\"lazy\" title=\"P\u0103rintele R\u0103zvan Ionescu - Ortodoxia \u00een Occident, Partea I\" width=\"1100\" height=\"825\" src=\"https:\/\/www.youtube.com\/embed\/oHuGriMuz1g?feature=oembed\" frameborder=\"0\" allow=\"accelerometer; autoplay; clipboard-write; encrypted-media; gyroscope; picture-in-picture\" allowfullscreen><\/iframe>\r\n                <\/div><\/figure>\r\n                P\u0103rintele R\u0103zvan Ionescu &#8211; Ortodoxia \u00een Occident, Partea I<br \/>\n<br \/>\nConstan\u021ba, 2013","protected":false},"excerpt":{"rendered":"<p>P\u0103rintele R\u0103zvan Ionescu &#8211; Ortodoxia \u00een Occident, Partea I Constan\u021ba, 2013<\/p>\n","protected":false},"author":1,"featured_media":4159,"comment_status":"open","ping_status":"open","sticky":false,"template":"","format":"video","meta":{"footnotes":""},"categories":[40,1],"tags":[50,112,291,308,307,46,45,309,310,34],"class_list":["post-4156","post","type-post","status-publish","format-video","has-post-thumbnail","hentry","category-conferinte","category-video","tag-conferinta","tag-diaspora","tag-occident","tag-ortodoxia","tag-ortodoxia-in-occident","tag-parintele-razvan-ionescu","tag-pr-razvan-ionescu","tag-strainatate","tag-viata-romanilor-din-strainatate","tag-video","post_format-post-format-video"],"_links":{"self":[{"href":"https:\/\/orthodoxeroumain.fr\/video\/wp-json\/wp\/v2\/posts\/4156","targetHints":{"allow":["GET"]}}],"collection":[{"href":"https:\/\/orthodoxeroumain.fr\/video\/wp-json\/wp\/v2\/posts"}],"about":[{"href":"https:\/\/orthodoxeroumain.fr\/video\/wp-json\/wp\/v2\/types\/post"}],"author":[{"embeddable":true,"href":"https:\/\/orthodoxeroumain.fr\/video\/wp-json\/wp\/v2\/users\/1"}],"replies":[{"embeddable":true,"href":"https:\/\/orthodoxeroumain.fr\/video\/wp-json\/wp\/v2\/comments?post=4156"}],"version-history":[{"count":1,"href":"https:\/\/orthodoxeroumain.fr\/video\/wp-json\/wp\/v2\/posts\/4156\/revisions"}],"predecessor-version":[{"id":4345,"href":"https:\/\/orthodoxeroumain.fr\/video\/wp-json\/wp\/v2\/posts\/4156\/revisions\/4345"}],"wp:featuredmedia":[{"embeddable":true,"href":"https:\/\/orthodoxeroumain.fr\/video\/wp-json\/wp\/v2\/media\/4159"}],"wp:attachment":[{"href":"https:\/\/orthodoxeroumain.fr\/video\/wp-json\/wp\/v2\/media?parent=4156"}],"wp:term":[{"taxonomy":"category","embeddable":true,"href":"https:\/\/orthodoxeroumain.fr\/video\/wp-json\/wp\/v2\/categories?post=4156"},{"taxonomy":"post_tag","embeddable":true,"href":"https:\/\/orthodoxeroumain.fr\/video\/wp-json\/wp\/v2\/tags?post=4156"}],"curies":[{"name":"wp","href":"https:\/\/api.w.org\/{rel}","templated":true}]}}