{"id":4188,"date":"2021-01-24T22:28:50","date_gmt":"2021-01-24T21:28:50","guid":{"rendered":"https:\/\/orthodoxeroumain.fr\/video\/2021\/01\/24\/dezbatere-sarbatoarea-sfintilor-brancoveni-zi-de-constientizare-a-violentelor-asupra-crestinilor\/"},"modified":"2021-02-01T20:58:46","modified_gmt":"2021-02-01T19:58:46","slug":"dezbatere-sarbatoarea-sfintilor-brancoveni-zi-de-constientizare-a-violentelor-asupra-crestinilor","status":"publish","type":"post","link":"https:\/\/orthodoxeroumain.fr\/video\/2021\/01\/24\/dezbatere-sarbatoarea-sfintilor-brancoveni-zi-de-constientizare-a-violentelor-asupra-crestinilor\/","title":{"rendered":"Dezbatere \u2013 S\u0103rb\u0103toarea Sfin\u021bilor Br\u00e2ncoveni \u2013 Zi de con\u0219tientizare a violen\u021belor asupra cre\u0219tinilor"},"content":{"rendered":"\r\n                \r\n                <figure class=\"wp-block-embed-youtube wp-block-embed is-type-video is-provider-youtube\"><div class=\"wp-block-embed__wrapper\"> \r\n                <iframe loading=\"lazy\" title=\"Dezbatere \u2013 S\u0103rb\u0103toarea Sfin\u021bilor Br\u00e2ncoveni \u2013 Zi de con\u0219tientizare a violen\u021belor asupra cre\u0219tinilor\" width=\"1100\" height=\"619\" src=\"https:\/\/www.youtube.com\/embed\/biy8bHmAHk0?feature=oembed\" frameborder=\"0\" allow=\"accelerometer; autoplay; clipboard-write; encrypted-media; gyroscope; picture-in-picture\" allowfullscreen><\/iframe>\r\n                <\/div><\/figure>\r\n                P\u0103rintele Constantin Sturzu, P\u0103rintele R\u0103zvan Ionescu, Andrei Vl\u0103d\u0103reanu &#8211; Dezbatere \u2013 S\u0103rb\u0103toarea Sfin\u021bilor Br\u00e2ncoveni \u2013 Zi de con\u0219tientizare a violen\u021belor asupra cre\u0219tinilor","protected":false},"excerpt":{"rendered":"<p>P\u0103rintele Constantin Sturzu, P\u0103rintele R\u0103zvan Ionescu, Andrei Vl\u0103d\u0103reanu &#8211; Dezbatere \u2013 S\u0103rb\u0103toarea Sfin\u021bilor Br\u00e2ncoveni \u2013 Zi de [&hellip;]<\/p>\n","protected":false},"author":1,"featured_media":4196,"comment_status":"open","ping_status":"open","sticky":false,"template":"","format":"video","meta":{"footnotes":""},"categories":[38,1],"tags":[52,44,46,45,285,34,286],"class_list":["post-4188","post","type-post","status-publish","format-video","has-post-thumbnail","hentry","category-interventii-live","category-video","tag-interventie-live","tag-live","tag-parintele-razvan-ionescu","tag-pr-razvan-ionescu","tag-sfintii-brancoveni","tag-video","tag-violentele-impotriva-crestinilor","post_format-post-format-video"],"_links":{"self":[{"href":"https:\/\/orthodoxeroumain.fr\/video\/wp-json\/wp\/v2\/posts\/4188","targetHints":{"allow":["GET"]}}],"collection":[{"href":"https:\/\/orthodoxeroumain.fr\/video\/wp-json\/wp\/v2\/posts"}],"about":[{"href":"https:\/\/orthodoxeroumain.fr\/video\/wp-json\/wp\/v2\/types\/post"}],"author":[{"embeddable":true,"href":"https:\/\/orthodoxeroumain.fr\/video\/wp-json\/wp\/v2\/users\/1"}],"replies":[{"embeddable":true,"href":"https:\/\/orthodoxeroumain.fr\/video\/wp-json\/wp\/v2\/comments?post=4188"}],"version-history":[{"count":1,"href":"https:\/\/orthodoxeroumain.fr\/video\/wp-json\/wp\/v2\/posts\/4188\/revisions"}],"predecessor-version":[{"id":4335,"href":"https:\/\/orthodoxeroumain.fr\/video\/wp-json\/wp\/v2\/posts\/4188\/revisions\/4335"}],"wp:featuredmedia":[{"embeddable":true,"href":"https:\/\/orthodoxeroumain.fr\/video\/wp-json\/wp\/v2\/media\/4196"}],"wp:attachment":[{"href":"https:\/\/orthodoxeroumain.fr\/video\/wp-json\/wp\/v2\/media?parent=4188"}],"wp:term":[{"taxonomy":"category","embeddable":true,"href":"https:\/\/orthodoxeroumain.fr\/video\/wp-json\/wp\/v2\/categories?post=4188"},{"taxonomy":"post_tag","embeddable":true,"href":"https:\/\/orthodoxeroumain.fr\/video\/wp-json\/wp\/v2\/tags?post=4188"}],"curies":[{"name":"wp","href":"https:\/\/api.w.org\/{rel}","templated":true}]}}