{"id":4202,"date":"2021-01-26T17:12:59","date_gmt":"2021-01-26T16:12:59","guid":{"rendered":"https:\/\/orthodoxeroumain.fr\/video\/2021\/01\/26\/minunile-incalca-legile-naturii-de-ce-ar-incalca-dumnezeu-ceea-ce-tot-el-a-pus-in-creatia-sa\/"},"modified":"2021-01-27T10:41:57","modified_gmt":"2021-01-27T09:41:57","slug":"minunile-incalca-legile-naturii-de-ce-ar-incalca-dumnezeu-ceea-ce-tot-el-a-pus-in-creatia-sa","status":"publish","type":"post","link":"https:\/\/orthodoxeroumain.fr\/video\/2021\/01\/26\/minunile-incalca-legile-naturii-de-ce-ar-incalca-dumnezeu-ceea-ce-tot-el-a-pus-in-creatia-sa\/","title":{"rendered":"Minunile \u00eencalc\u0103 legile naturii. De ce ar \u00eenc\u0103lca Dumnezeu ceea ce tot El a pus \u00een crea\u021bia Sa?"},"content":{"rendered":"\r\n                \r\n                <figure class=\"wp-block-embed-youtube wp-block-embed is-type-video is-provider-youtube\"><div class=\"wp-block-embed__wrapper\"> \r\n                <iframe loading=\"lazy\" title=\"Minunile \u00eencalc\u0103 legile naturii. De ce ar \u00eenc\u0103lca Dumnezeu ceea ce tot El a pus \u00een crea\u021bia Sa?\" width=\"1100\" height=\"619\" src=\"https:\/\/www.youtube.com\/embed\/eRNHwEUSHfc?feature=oembed\" frameborder=\"0\" allow=\"accelerometer; autoplay; clipboard-write; encrypted-media; gyroscope; picture-in-picture\" allowfullscreen><\/iframe>\r\n                <\/div><\/figure>\r\n                P\u0103rintele R\u0103zvan Ionescu &#8211; Minunile \u00eencalc\u0103 legile naturii. De ce ar \u00eenc\u0103lca Dumnezeu ceea ce tot El a pus \u00een crea\u021bia Sa?","protected":false},"excerpt":{"rendered":"<p>P\u0103rintele R\u0103zvan Ionescu &#8211; Minunile \u00eencalc\u0103 legile naturii. De ce ar \u00eenc\u0103lca Dumnezeu ceea ce tot El [&hellip;]<\/p>\n","protected":false},"author":1,"featured_media":4206,"comment_status":"open","ping_status":"open","sticky":false,"template":"","format":"video","meta":{"footnotes":""},"categories":[38,1],"tags":[82,79,81,52,80,44,78,46,45,34],"class_list":["post-4202","post","type-post","status-publish","format-video","has-post-thumbnail","hentry","category-interventii-live","category-video","tag-creatia","tag-despre-minuni","tag-dumnezeu","tag-interventie-live","tag-legile-naturii","tag-live","tag-minunile","tag-parintele-razvan-ionescu","tag-pr-razvan-ionescu","tag-video","post_format-post-format-video"],"_links":{"self":[{"href":"https:\/\/orthodoxeroumain.fr\/video\/wp-json\/wp\/v2\/posts\/4202","targetHints":{"allow":["GET"]}}],"collection":[{"href":"https:\/\/orthodoxeroumain.fr\/video\/wp-json\/wp\/v2\/posts"}],"about":[{"href":"https:\/\/orthodoxeroumain.fr\/video\/wp-json\/wp\/v2\/types\/post"}],"author":[{"embeddable":true,"href":"https:\/\/orthodoxeroumain.fr\/video\/wp-json\/wp\/v2\/users\/1"}],"replies":[{"embeddable":true,"href":"https:\/\/orthodoxeroumain.fr\/video\/wp-json\/wp\/v2\/comments?post=4202"}],"version-history":[{"count":1,"href":"https:\/\/orthodoxeroumain.fr\/video\/wp-json\/wp\/v2\/posts\/4202\/revisions"}],"predecessor-version":[{"id":4248,"href":"https:\/\/orthodoxeroumain.fr\/video\/wp-json\/wp\/v2\/posts\/4202\/revisions\/4248"}],"wp:featuredmedia":[{"embeddable":true,"href":"https:\/\/orthodoxeroumain.fr\/video\/wp-json\/wp\/v2\/media\/4206"}],"wp:attachment":[{"href":"https:\/\/orthodoxeroumain.fr\/video\/wp-json\/wp\/v2\/media?parent=4202"}],"wp:term":[{"taxonomy":"category","embeddable":true,"href":"https:\/\/orthodoxeroumain.fr\/video\/wp-json\/wp\/v2\/categories?post=4202"},{"taxonomy":"post_tag","embeddable":true,"href":"https:\/\/orthodoxeroumain.fr\/video\/wp-json\/wp\/v2\/tags?post=4202"}],"curies":[{"name":"wp","href":"https:\/\/api.w.org\/{rel}","templated":true}]}}