{"id":4209,"date":"2021-01-26T17:16:16","date_gmt":"2021-01-26T16:16:16","guid":{"rendered":"https:\/\/orthodoxeroumain.fr\/video\/2021\/01\/26\/parintele-razvan-ionescu-o-lectura-a-ortodoxiei-in-termeni-de-ospitalitate\/"},"modified":"2021-01-27T10:40:44","modified_gmt":"2021-01-27T09:40:44","slug":"parintele-razvan-ionescu-o-lectura-a-ortodoxiei-in-termeni-de-ospitalitate","status":"publish","type":"post","link":"https:\/\/orthodoxeroumain.fr\/video\/2021\/01\/26\/parintele-razvan-ionescu-o-lectura-a-ortodoxiei-in-termeni-de-ospitalitate\/","title":{"rendered":"P\u0103rintele R\u0103zvan Ionescu &#8211; O lectur\u0103 a Ortodoxiei \u00een termeni de ospitalitate"},"content":{"rendered":"\r\n                \r\n                <figure class=\"wp-block-embed-youtube wp-block-embed is-type-video is-provider-youtube\"><div class=\"wp-block-embed__wrapper\"> \r\n                <iframe loading=\"lazy\" title=\"P\u0103rintele R\u0103zvan Ionescu - O lectur\u0103 a Ortodoxiei \u00een termeni de ospitalitate\" width=\"1100\" height=\"619\" src=\"https:\/\/www.youtube.com\/embed\/cdXHWuTbpm4?feature=oembed\" frameborder=\"0\" allow=\"accelerometer; autoplay; clipboard-write; encrypted-media; gyroscope; picture-in-picture\" allowfullscreen><\/iframe>\r\n                <\/div><\/figure>\r\n                P\u0103rintele R\u0103zvan Ionescu &#8211; O lectur\u0103 a Ortodoxiei \u00een termeni de ospitalitate<br \/>\n<br \/>\nParis, 14 decembrie 2020","protected":false},"excerpt":{"rendered":"<p>P\u0103rintele R\u0103zvan Ionescu &#8211; O lectur\u0103 a Ortodoxiei \u00een termeni de ospitalitate Paris, 14 decembrie 2020<\/p>\n","protected":false},"author":1,"featured_media":4210,"comment_status":"open","ping_status":"open","sticky":false,"template":"","format":"video","meta":{"footnotes":""},"categories":[38,1],"tags":[52,73,44,72,71,46,45,34],"class_list":["post-4209","post","type-post","status-publish","format-video","has-post-thumbnail","hentry","category-interventii-live","category-video","tag-interventie-live","tag-lectura","tag-live","tag-ortodoxie","tag-ospitalitate","tag-parintele-razvan-ionescu","tag-pr-razvan-ionescu","tag-video","post_format-post-format-video"],"_links":{"self":[{"href":"https:\/\/orthodoxeroumain.fr\/video\/wp-json\/wp\/v2\/posts\/4209","targetHints":{"allow":["GET"]}}],"collection":[{"href":"https:\/\/orthodoxeroumain.fr\/video\/wp-json\/wp\/v2\/posts"}],"about":[{"href":"https:\/\/orthodoxeroumain.fr\/video\/wp-json\/wp\/v2\/types\/post"}],"author":[{"embeddable":true,"href":"https:\/\/orthodoxeroumain.fr\/video\/wp-json\/wp\/v2\/users\/1"}],"replies":[{"embeddable":true,"href":"https:\/\/orthodoxeroumain.fr\/video\/wp-json\/wp\/v2\/comments?post=4209"}],"version-history":[{"count":1,"href":"https:\/\/orthodoxeroumain.fr\/video\/wp-json\/wp\/v2\/posts\/4209\/revisions"}],"predecessor-version":[{"id":4245,"href":"https:\/\/orthodoxeroumain.fr\/video\/wp-json\/wp\/v2\/posts\/4209\/revisions\/4245"}],"wp:featuredmedia":[{"embeddable":true,"href":"https:\/\/orthodoxeroumain.fr\/video\/wp-json\/wp\/v2\/media\/4210"}],"wp:attachment":[{"href":"https:\/\/orthodoxeroumain.fr\/video\/wp-json\/wp\/v2\/media?parent=4209"}],"wp:term":[{"taxonomy":"category","embeddable":true,"href":"https:\/\/orthodoxeroumain.fr\/video\/wp-json\/wp\/v2\/categories?post=4209"},{"taxonomy":"post_tag","embeddable":true,"href":"https:\/\/orthodoxeroumain.fr\/video\/wp-json\/wp\/v2\/tags?post=4209"}],"curies":[{"name":"wp","href":"https:\/\/api.w.org\/{rel}","templated":true}]}}