{"id":4211,"date":"2021-01-26T17:15:23","date_gmt":"2021-01-26T16:15:23","guid":{"rendered":"https:\/\/orthodoxeroumain.fr\/video\/2021\/01\/26\/pr-razvan-ionescu-genealogia-concretul-primitor-al-unui-context-de-familie-in-care-venim-pe-lume\/"},"modified":"2021-01-27T10:41:10","modified_gmt":"2021-01-27T09:41:10","slug":"pr-razvan-ionescu-genealogia-concretul-primitor-al-unui-context-de-familie-in-care-venim-pe-lume","status":"publish","type":"post","link":"https:\/\/orthodoxeroumain.fr\/video\/2021\/01\/26\/pr-razvan-ionescu-genealogia-concretul-primitor-al-unui-context-de-familie-in-care-venim-pe-lume\/","title":{"rendered":"Pr  R\u0103zvan Ionescu &#8211; Genealogia, concretul primitor al unui context de familie \u00een care venim pe lume"},"content":{"rendered":"\r\n                \r\n                <figure class=\"wp-block-embed-youtube wp-block-embed is-type-video is-provider-youtube\"><div class=\"wp-block-embed__wrapper\"> \r\n                <iframe loading=\"lazy\" title=\"Pr  R\u0103zvan Ionescu - Genealogia, concretul primitor al unui context de familie \u00een care venim pe lume\" width=\"1100\" height=\"619\" src=\"https:\/\/www.youtube.com\/embed\/AjlR6wqU22U?feature=oembed\" frameborder=\"0\" allow=\"accelerometer; autoplay; clipboard-write; encrypted-media; gyroscope; picture-in-picture\" allowfullscreen><\/iframe>\r\n                <\/div><\/figure>\r\n                P\u0103rintele R\u0103zvan Ionescu &#8211; Genealogia, concretul primitor al unui context de familie \u00een care venim pe lume<br \/>\n<br \/>\nParis, 21 decembrie 2020","protected":false},"excerpt":{"rendered":"<p>P\u0103rintele R\u0103zvan Ionescu &#8211; Genealogia, concretul primitor al unui context de familie \u00een care venim pe lume [&hellip;]<\/p>\n","protected":false},"author":1,"featured_media":4215,"comment_status":"open","ping_status":"open","sticky":false,"template":"","format":"video","meta":{"footnotes":""},"categories":[38,1],"tags":[76,75,74,52,44,46,45,34],"class_list":["post-4211","post","type-post","status-publish","format-video","has-post-thumbnail","hentry","category-interventii-live","category-video","tag-context","tag-familie","tag-genealogie","tag-interventie-live","tag-live","tag-parintele-razvan-ionescu","tag-pr-razvan-ionescu","tag-video","post_format-post-format-video"],"_links":{"self":[{"href":"https:\/\/orthodoxeroumain.fr\/video\/wp-json\/wp\/v2\/posts\/4211","targetHints":{"allow":["GET"]}}],"collection":[{"href":"https:\/\/orthodoxeroumain.fr\/video\/wp-json\/wp\/v2\/posts"}],"about":[{"href":"https:\/\/orthodoxeroumain.fr\/video\/wp-json\/wp\/v2\/types\/post"}],"author":[{"embeddable":true,"href":"https:\/\/orthodoxeroumain.fr\/video\/wp-json\/wp\/v2\/users\/1"}],"replies":[{"embeddable":true,"href":"https:\/\/orthodoxeroumain.fr\/video\/wp-json\/wp\/v2\/comments?post=4211"}],"version-history":[{"count":1,"href":"https:\/\/orthodoxeroumain.fr\/video\/wp-json\/wp\/v2\/posts\/4211\/revisions"}],"predecessor-version":[{"id":4246,"href":"https:\/\/orthodoxeroumain.fr\/video\/wp-json\/wp\/v2\/posts\/4211\/revisions\/4246"}],"wp:featuredmedia":[{"embeddable":true,"href":"https:\/\/orthodoxeroumain.fr\/video\/wp-json\/wp\/v2\/media\/4215"}],"wp:attachment":[{"href":"https:\/\/orthodoxeroumain.fr\/video\/wp-json\/wp\/v2\/media?parent=4211"}],"wp:term":[{"taxonomy":"category","embeddable":true,"href":"https:\/\/orthodoxeroumain.fr\/video\/wp-json\/wp\/v2\/categories?post=4211"},{"taxonomy":"post_tag","embeddable":true,"href":"https:\/\/orthodoxeroumain.fr\/video\/wp-json\/wp\/v2\/tags?post=4211"}],"curies":[{"name":"wp","href":"https:\/\/api.w.org\/{rel}","templated":true}]}}